{"id":1636,"date":"2026-01-13T15:28:53","date_gmt":"2026-01-13T14:28:53","guid":{"rendered":"https:\/\/2030investirdemain.com\/?p=1636"},"modified":"2026-01-13T15:34:20","modified_gmt":"2026-01-13T14:34:20","slug":"atelier-1-la-souverainete-une-notion-en-recomposition-a-lepreuve-des-transitions","status":"publish","type":"post","link":"https:\/\/2030investirdemain.com\/fr\/2026\/01\/13\/atelier-1-la-souverainete-une-notion-en-recomposition-a-lepreuve-des-transitions\/","title":{"rendered":"La souverainet\u00e9 : une notion en recomposition \u00e0 l\u2019\u00e9preuve des transitions"},"content":{"rendered":"\n<h2 class=\"wp-block-heading\">La souverainet\u00e9 : une notion en recomposition \u00e0 l\u2019\u00e9preuve des transitions<\/h2>\n\n\n\n<p><\/p>\n\n\n\n<figure class=\"wp-block-image size-large is-resized\"><img loading=\"lazy\" decoding=\"async\" width=\"1024\" height=\"768\" src=\"https:\/\/2030investirdemain.com\/wp-content\/uploads\/2026\/01\/edraam-atelier-1-1024x768.jpeg\" alt=\"\" class=\"wp-image-1637\" style=\"width:655px;height:auto\" srcset=\"https:\/\/2030investirdemain.com\/wp-content\/uploads\/2026\/01\/edraam-atelier-1-1024x768.jpeg 1024w, https:\/\/2030investirdemain.com\/wp-content\/uploads\/2026\/01\/edraam-atelier-1-300x225.jpeg 300w, https:\/\/2030investirdemain.com\/wp-content\/uploads\/2026\/01\/edraam-atelier-1-768x576.jpeg 768w, https:\/\/2030investirdemain.com\/wp-content\/uploads\/2026\/01\/edraam-atelier-1-1536x1152.jpeg 1536w, https:\/\/2030investirdemain.com\/wp-content\/uploads\/2026\/01\/edraam-atelier-1-2048x1536.jpeg 2048w\" sizes=\"auto, (max-width: 1024px) 100vw, 1024px\" \/><\/figure>\n\n\n\n<p><\/p>\n\n\n\n<p><strong>Dans le cadre de la saison 2 du\u00a0Think\u00a0Tank \u00ab\u00a02030, Investir Demain\u00a0\u00bb,\u00a0le\u00a0groupe de travail \u00ab\u00a0Souverainet\u00e9 et durabilit\u00e9 : le nouveau couple europ\u00e9en\u00a0\u00bb, co-pilot\u00e9 par Edmond de Rothschild Asset Management, s\u2019est r\u00e9uni\u00a0le 27 novembre\u00a0pour un premier atelier\u00a0qui a confront\u00e9 approches historiques, \u00e9conomiques et op\u00e9rationnelles autour d\u2019un concept devenu central dans les d\u00e9bats publics europ\u00e9ens : la souverainet\u00e9.<\/strong><\/p>\n\n\n\n<p>Qu\u2019est-ce que la souverainet\u00e9 ? C\u2019est\u00a0autour de cette question que s\u2019est articul\u00e9\u00a0le premier atelier\u00a0du\u00a0groupe de travail \u00ab\u00a0<strong>Souverainet\u00e9 et durabilit\u00e9 : le nouveau couple europ\u00e9en<\/strong>\u00ab\u00a0, co-fond\u00e9 par\u00a0Edmond de Rothschild Asset Management, dans le cadre\u00a0de la saison 2 du\u00a0Think\u00a0Tank \u00ab\u00a02030, Investir Demain\u00a0\u00bb.\u00a0Une discussion qui a permis de confronter\u00a0approches acad\u00e9miques et r\u00e9alit\u00e9s \u00e9conomiques pour \u00e9clairer un concept redevenu central dans le d\u00e9bat public europ\u00e9en.\u00a0<\/p>\n\n\n\n<p>Les participants ont d\u2019abord rappel\u00e9&nbsp;que la souverainet\u00e9 n\u2019avait&nbsp;rien d\u2019un principe fig\u00e9. \u00ab\u00a0La souverainet\u00e9, dans son acception contemporaine, s\u2019est v\u00e9ritablement affirm\u00e9e au XX\u1d49 si\u00e8cle, au moment o\u00f9 elle devient le&nbsp;<strong>pilier des relations internationales<\/strong>\u00ab\u00a0,&nbsp;a&nbsp;expliqu\u00e9&nbsp;Sylvain Kahn, professeur agr\u00e9g\u00e9 d\u2019histoire \u00e0 Sciences Po&nbsp;Paris&nbsp;et sp\u00e9cialiste de l\u2019histoire r\u00e9cente de l\u2019Europe. Ses fondements sont toutefois plus anciens : ils remontent aux recompositions politiques qui suivent les guerres de religion, lorsque s\u2019\u00e9laborent les premi\u00e8res th\u00e9ories de l\u2019\u00c9tat moderne.&nbsp;<\/p>\n\n\n\n<h2 class=\"wp-block-heading\">La souverainet\u00e9 : une notion historique \u00e0 g\u00e9om\u00e9trie variable&nbsp;<\/h2>\n\n\n\n<p>Trois&nbsp;piliers structurent cette souverainet\u00e9 moderne : un territoire d\u00e9limit\u00e9 par des fronti\u00e8res,&nbsp;une population&nbsp;qui vit sur ce territoire,&nbsp;et une puissance publique qui administre le tout.&nbsp;&nbsp;<\/p>\n\n\n\n<blockquote class=\"wp-block-quote is-layout-flow wp-block-quote-is-layout-flow\">\n<p>On n\u2019est pleinement souverain que&nbsp;lorsque l\u2019exercice du pouvoir ne d\u00e9pend d\u2019aucune autre instance\u00a0\u00bb, a-t-il ajout\u00e9. \u00ab\u00a0Or, aujourd\u2019hui, certains auteurs cherchent \u00e0 d\u00e9montrer que la souverainet\u00e9 des \u00c9tats aurait \u00e9t\u00e9, au moins en partie,&nbsp;capt\u00e9e&nbsp;par des acteurs priv\u00e9s : les march\u00e9s financiers.<\/p>\n<\/blockquote>\n\n\n\n<p>Mais l\u2019histoire europ\u00e9enne a fait \u00e9merger des traditions contrast\u00e9es. L\u00e0 o\u00f9 la France s\u2019inscrit dans une&nbsp;<strong>conception centralis\u00e9e<\/strong>,&nbsp;h\u00e9rit\u00e9e du jurisconsulte et \u00e9conomiste fran\u00e7ais&nbsp;Jean Bodin, d\u2019autres pays&nbsp;tels que l\u2019Allemagne,&nbsp;la&nbsp;Suisse,&nbsp;l\u2019Autriche ou&nbsp;la&nbsp;Belgique&nbsp;ont d\u00e9velopp\u00e9 des&nbsp;<strong>mod\u00e8les f\u00e9d\u00e9raux<\/strong>,&nbsp;issus&nbsp;notamment&nbsp;des travaux du th\u00e9oricien calviniste Johannes Althusius. \u00ab\u00a0Cette conception f\u00e9d\u00e9rale est fond\u00e9e sur une r\u00e9partition de la souverainet\u00e9 \u00e0 diff\u00e9rentes \u00e9chelles de la puissance publique\u00a0\u00bb,&nbsp;a&nbsp;pr\u00e9cis\u00e9&nbsp;Sylvain Kahn. \u00ab\u00a0Les comp\u00e9tences r\u00e9galiennes&nbsp;sont exerc\u00e9es par l&rsquo;\u00c9tat f\u00e9d\u00e9ral, mais les \u00c9tats f\u00e9d\u00e9r\u00e9s peuvent exercer, eux aussi, un certain nombre de comp\u00e9tences\u00a0\u00bb.&nbsp;<\/p>\n\n\n\n<p>Depuis une&nbsp;quarantaine d&rsquo;ann\u00e9es,&nbsp;les travaux en&nbsp;sciences sociales&nbsp;se sont int\u00e9ress\u00e9s \u00e0 la r\u00e9alit\u00e9 de l\u2019exercice de la souverainet\u00e9, et ont montr\u00e9&nbsp;qu\u2019elle&nbsp;pouvait \u00eatre pleine, partielle,&nbsp;ou&nbsp;simplement&nbsp;nominale. \u00ab\u00a0Bien souvent, la souverainet\u00e9 n\u2019est que faciale, m\u00eame lorsque l\u2019Etat si\u00e8ge dans les institutions internationales\u00a0\u00bb,&nbsp;a comment\u00e9 Sylvain Kahn.&nbsp;&nbsp;<\/p>\n\n\n\n<p>\u00ab\u00a0On n\u2019est pleinement souverain que&nbsp;lorsque l\u2019exercice du pouvoir ne d\u00e9pend d\u2019aucune autre instance\u00a0\u00bb, a-t-il ajout\u00e9. \u00ab\u00a0Or, aujourd\u2019hui, certains auteurs cherchent \u00e0 d\u00e9montrer que la souverainet\u00e9 des \u00c9tats aurait \u00e9t\u00e9, au moins en partie,&nbsp;<strong>capt\u00e9e&nbsp;par des acteurs priv\u00e9s<\/strong>&nbsp;: les march\u00e9s financiers\u00a0\u00bb.&nbsp;<\/p>\n\n\n\n<h2 class=\"wp-block-heading\">L\u2019Europe, un espace de souverainet\u00e9 mutualis\u00e9e&nbsp;<\/h2>\n\n\n\n<p>Aujourd&rsquo;hui, la notion de souverainet\u00e9\u00a0tend \u00e0 se\u00a0red\u00e9finir. Dans le discours public, port\u00e9 par Emmanuel Macron,\u00a0elle est\u00a0depuis quelques ann\u00e9es\u00a0synonyme d\u2019autonomie et\u00a0d\u2019ind\u00e9pendance, notamment \u00e9conomiques, industrielles ou strat\u00e9giques. Le contexte g\u00e9opolitique joue un r\u00f4le cl\u00e9 : \u00ab\u00a0Le terme\u00a0est devenu\u00a0beaucoup plus acceptable\u00a0depuis\u00a0l\u2019agression de l\u2019Ukraine\u00a0par la Russie, la guerre a consid\u00e9rablement modifi\u00e9 les repr\u00e9sentations collectives en Europe\u00a0\u00bb,\u00a0a soulign\u00e9 Sylvain Kahn.\u00a0La souverainet\u00e9 ne se pense plus seulement comme un principe juridique, mais comme une capacit\u00e9\u00a0effective,\u00a0\u00e9troitement li\u00e9e \u00e0 la puissance \u00e9conomique.\u00a0<\/p>\n\n\n\n<p>Cette approche rejoint la d\u00e9finition acad\u00e9mique classique, qui distingue une dimension interne \u2013 l\u2019exercice d\u2019un pouvoir qui ne d\u00e9pend d\u2019aucune autre instance \u2013 et une dimension externe, fond\u00e9e sur la reconnaissance par les autres \u00c9tats. \u00ab\u00a0La souverainet\u00e9&nbsp;est une notion mouvante, c\u2019est une construction politique \u00e9volutive\u00a0\u00bb,&nbsp;a&nbsp;insist\u00e9&nbsp;Sylvain Kahn.&nbsp;Pour lui, la construction europ\u00e9enne ne constitue pas une perte, mais un renforcement. \u00ab\u00a0Il s\u2019agit d\u2019une&nbsp;<strong>mutualisation de souverainet\u00e9<\/strong>&nbsp;et non d\u2019une d\u00e9l\u00e9gation\u00a0\u00bb,&nbsp;a-t-il&nbsp;pr\u00e9cis\u00e9, rappelant que \u00ab\u00a0l\u2019Union europ\u00e9enne, c\u2019est nous\u00a0\u00bb.&nbsp;<\/p>\n\n\n\n<p>Reste une question centrale : comment&nbsp;la&nbsp;souverainet\u00e9 europ\u00e9enne peut-elle dialoguer avec les enjeux de durabilit\u00e9 ? Sur le plan&nbsp;universitaire, le constat est clair&nbsp;: selon Sylvain Kahn, il n\u2019existe pas de&nbsp;lien acad\u00e9mique structur\u00e9 entre souverainet\u00e9 et durabilit\u00e9. Le concept de durabilit\u00e9 rel\u00e8ve d\u2019un autre champ, issu des sciences de l\u2019environnement et formalis\u00e9 \u00e0 partir des ann\u00e9es 1990.&nbsp;Une notion \u00ab\u00a0<strong>plastique<\/strong>\u00ab\u00a0, mobilis\u00e9e par des acteurs multiples, ce qui complique son articulation th\u00e9orique avec la souverainet\u00e9.&nbsp;<\/p>\n\n\n\n<h2 class=\"wp-block-heading\">Finance, souverainet\u00e9 et durabilit\u00e9 : \u00ab\u00a0des zones de rencontre\u00a0\u00bb&nbsp;<\/h2>\n\n\n\n<p>Du c\u00f4t\u00e9 des&nbsp;gestionnaires&nbsp;d\u2019actifs, la souverainet\u00e9 est d\u2019abord abord\u00e9e comme une question op\u00e9rationnelle.&nbsp;Et certains travaux institutionnels europ\u00e9ens&nbsp;ont jou\u00e9 un r\u00f4le structurant, comme le&nbsp;<strong>rapport Draghi<\/strong>&nbsp;command\u00e9 par la Commission europ\u00e9enne. \u00ab\u00a0On a fait le choix de s\u2019appuyer sur ce rapport qui traite de la comp\u00e9titivit\u00e9 europ\u00e9enne,&nbsp;avec des th\u00e9matiques structurantes telles que la transition, l\u2019innovation ou la s\u00e9curit\u00e9 et, bien s\u00fbr, les enjeux de financement qui&nbsp;en d\u00e9coulent\u00a0\u00bb, a expliqu\u00e9&nbsp;Jean-Philippe&nbsp;Desmartin, Directeur de l\u2019Investissement Responsable chez Edmond de Rothschild Asset Management.&nbsp;&nbsp;<\/p>\n\n\n\n<p>\u00ab\u00a0Dans nos fonds, il y a des zones de rencontre entre souverainet\u00e9 et durabilit\u00e9, m\u00eame quand&nbsp;ces fonds&nbsp;ne sont pas ESG\u00a0\u00bb, a-t-il poursuivi. \u00ab\u00a0Par exemple,&nbsp;quand on parle d\u2019innovation, on peut penser&nbsp;\u00e0 la&nbsp;green tech et&nbsp;au&nbsp;stockage de l\u2019\u00e9nergie,&nbsp;et quand on parle de s\u00e9curit\u00e9 on peut penser \u00e0 la s\u00e9curit\u00e9 \u00e9nerg\u00e9tique qui rejoint les enjeux de transition\u00a0\u00bb.&nbsp;<\/p>\n\n\n\n<p>Un avis partag\u00e9&nbsp;par&nbsp;Anthony&nbsp;Penel,&nbsp;G\u00e9rant Actions Europe chez Edmond de Rothschild Asset Management, qui&nbsp;a&nbsp;insist\u00e9&nbsp;sur la mani\u00e8re dont ces enjeux se traduisent concr\u00e8tement dans leurs&nbsp;choix d\u2019investissement. La souverainet\u00e9 appara\u00eet alors moins comme un principe abstrait que comme une&nbsp;<strong>capacit\u00e9 \u00e9conomique mesurable<\/strong>, li\u00e9e \u00e0 la ma\u00eetrise de secteurs cl\u00e9s, \u00e0 la solidit\u00e9 des cha\u00eenes de valeur et \u00e0 la mobilisation de l\u2019\u00e9pargne. Dans ce contexte, durabilit\u00e9 et souverainet\u00e9 ne&nbsp;doivent pas \u00eatre&nbsp;pens\u00e9es comme&nbsp;des notions oppos\u00e9es, mais comme deux r\u00e9ponses \u00e0 des contraintes communes : d\u00e9pendances ext\u00e9rieures, tensions g\u00e9opolitiques,&nbsp;ou&nbsp;rar\u00e9faction des ressources.&nbsp;&nbsp;<\/p>\n\n\n\n<p>Finalement, une certitude s\u2019impose : la souverainet\u00e9 est un&nbsp;<strong>concept&nbsp;fluide&nbsp;en&nbsp;pleine&nbsp;recomposition<\/strong>, profond\u00e9ment marqu\u00e9 par les crises contemporaines. Si aucun cadre th\u00e9orique ne relie encore formellement souverainet\u00e9 et durabilit\u00e9, les \u00e9changes ont&nbsp;mis en lumi\u00e8re&nbsp;des convergences de fait, n\u00e9es des contraintes \u00e9conomiques, g\u00e9opolitiques et environnementales. Une base de r\u00e9flexion solide pour interroger&nbsp;les conditions concr\u00e8tes d\u2019une souverainet\u00e9 europ\u00e9enne capable de r\u00e9pondre aux&nbsp;enjeux de durabilit\u00e9.&nbsp;&nbsp;<\/p>\n\n\n\n<p><\/p>\n","protected":false},"excerpt":{"rendered":"<p>La souverainet\u00e9 : une notion en recomposition \u00e0 l\u2019\u00e9preuve des transitions Dans le cadre de la saison 2 du\u00a0Think\u00a0Tank \u00ab\u00a02030, Investir Demain\u00a0\u00bb,\u00a0le\u00a0groupe de travail \u00ab\u00a0Souverainet\u00e9 et durabilit\u00e9 : le nouveau couple europ\u00e9en\u00a0\u00bb, co-pilot\u00e9 par Edmond de Rothschild Asset Management, s\u2019est r\u00e9uni\u00a0le 27 novembre\u00a0pour un premier atelier\u00a0qui a confront\u00e9 approches historiques, \u00e9conomiques et op\u00e9rationnelles autour d\u2019un [&hellip;]<\/p>\n","protected":false},"author":1,"featured_media":1637,"comment_status":"open","ping_status":"closed","sticky":false,"template":"","format":"standard","meta":{"_acf_changed":false,"footnotes":""},"categories":[31],"tags":[],"class_list":["post-1636","post","type-post","status-publish","format-standard","has-post-thumbnail","hentry","category-souverainete-et-durabilite"],"acf":[],"_links":{"self":[{"href":"https:\/\/2030investirdemain.com\/fr\/wp-json\/wp\/v2\/posts\/1636","targetHints":{"allow":["GET"]}}],"collection":[{"href":"https:\/\/2030investirdemain.com\/fr\/wp-json\/wp\/v2\/posts"}],"about":[{"href":"https:\/\/2030investirdemain.com\/fr\/wp-json\/wp\/v2\/types\/post"}],"author":[{"embeddable":true,"href":"https:\/\/2030investirdemain.com\/fr\/wp-json\/wp\/v2\/users\/1"}],"replies":[{"embeddable":true,"href":"https:\/\/2030investirdemain.com\/fr\/wp-json\/wp\/v2\/comments?post=1636"}],"version-history":[{"count":3,"href":"https:\/\/2030investirdemain.com\/fr\/wp-json\/wp\/v2\/posts\/1636\/revisions"}],"predecessor-version":[{"id":1642,"href":"https:\/\/2030investirdemain.com\/fr\/wp-json\/wp\/v2\/posts\/1636\/revisions\/1642"}],"wp:featuredmedia":[{"embeddable":true,"href":"https:\/\/2030investirdemain.com\/fr\/wp-json\/wp\/v2\/media\/1637"}],"wp:attachment":[{"href":"https:\/\/2030investirdemain.com\/fr\/wp-json\/wp\/v2\/media?parent=1636"}],"wp:term":[{"taxonomy":"category","embeddable":true,"href":"https:\/\/2030investirdemain.com\/fr\/wp-json\/wp\/v2\/categories?post=1636"},{"taxonomy":"post_tag","embeddable":true,"href":"https:\/\/2030investirdemain.com\/fr\/wp-json\/wp\/v2\/tags?post=1636"}],"curies":[{"name":"wp","href":"https:\/\/api.w.org\/{rel}","templated":true}]}}