{"id":1361,"date":"2025-09-23T08:00:00","date_gmt":"2025-09-23T06:00:00","guid":{"rendered":"https:\/\/2030investirdemain.com\/?p=1361"},"modified":"2025-09-22T16:43:20","modified_gmt":"2025-09-22T14:43:20","slug":"podcast-integrer-la-biodiversite-dans-les-pratiques-dinvestissement-durable-enjeux-et-perspectives","status":"publish","type":"post","link":"https:\/\/2030investirdemain.com\/fr\/2025\/09\/23\/podcast-integrer-la-biodiversite-dans-les-pratiques-dinvestissement-durable-enjeux-et-perspectives\/","title":{"rendered":"Int\u00e9grer la biodiversit\u00e9 dans les pratiques d\u2019investissement durable : enjeux et perspectives"},"content":{"rendered":" \n  <div id=\"\" class=\"bloc textEntete position-relative\">\n    <div class=\"container position-relative text-center\">\n            <h2 class=\"apparition animDelay250 titre38 mb-4 mb-md-5\">\n        Int\u00e9grer la biodiversit\u00e9 dans les pratiques d\u2019investissement durable : enjeux et perspectives       <\/h2>\n      <div class=\"apparition animDelay500\">\n              <\/div>\n      <div class=\"apparition animDelay750\">\n        <p><strong>Quels d\u00e9fis pour int\u00e9grer la biodiversit\u00e9 aux investissements ? C\u2019est \u00e0 cette question que r\u00e9pondent Elouan Heurard, Analyste ESG Biodiversit\u00e9 chez Candriam, et Matthieu Delabie, Coordonnateur Biodiversit\u00e9 Finance et Instruments \u00c9conomiques \u00e0 l\u2019Office Fran\u00e7ais de la Biodiversit\u00e9 et Pr\u00e9sident du TC ISO 331 en charge de la biodiversit\u00e9, dans cet \u00e9pisode du \u00ab\u00a0Podcast 2030 &#8211; Investir Demain\u00a0\u00bb.<\/strong><\/p>\n      <\/div>\n    <\/div>\n  <\/div>\n    \n\n  <div id=\"\" class=\"bloc textImage mb-0  imageGauche position-relative\">\n    <div class=\"container position-relative\">\n      <div class=\"row\">\n                  <div class=\"col-12 order-md-1 col-md-5\">\n          \n          <\/div>\n                <div class=\"col-12 order-md-2 col-md-7\">\n          <h2 class=\"apparition\">\n                      <\/h2>\n        <\/div>\n        <div class=\"col-12 col-md-5 order-md-3\">\n          <div class=\"cadreImage\">\n            <img decoding=\"async\" src=\"https:\/\/2030investirdemain.com\/wp-content\/uploads\/2025\/09\/Capture-decran-2025-09-12-a-14.33.31.png\" class=\"w-100 myshadow apparition animDelay250 apparitionFromLeft\" \/>\n                      <\/div>\n        <\/div>\n        <div class=\"col-12 col-md-7 order-md-4 d-flex align-items-center \">\n          <div>\n            <div class=\"apparition mt-4 mt-md-0\">\n              <p>Lanc\u00e9 \u00e0 la rentr\u00e9e 2024 \u00e0 l\u2019initiative des m\u00e9dias ID, L\u2019Info Durable et L\u2019Agefi, le Think Tank <a href=\"https:\/\/2030investirdemain.com\/fr\/\" target=\"_blank\" rel=\"noopener\" data-cke-saved-href=\"https:\/\/2030investirdemain.com\/fr\/\">\u00ab\u00a02030, Investir Demain\u00a0\u00bb<\/a> a pour ambition de nourrir les d\u00e9bats et de f\u00e9d\u00e9rer les acteurs financiers autour des grands enjeux de la finance durable.<\/p>\n<p>\u00c0 ce jour, cette initiative s\u2019articule autour de six groupes de travail th\u00e9matiques, chacun co-fond\u00e9 avec un acteur reconnu pour son engagement en mati\u00e8re de durabilit\u00e9.<\/p>\n            <\/div>\n                      <\/div>\n        <\/div>\n      <\/div>\n    <\/div>\n  <\/div>\n    \n\n\n<p><\/p>\n\n\n\n<h2 class=\"wp-block-heading\">Un dialogue n\u00e9cessaire entre biodiversit\u00e9 et investissement&nbsp;<\/h2>\n\n\n\n<p>Pour accompagner ces r\u00e9flexions, une s\u00e9rie de podcasts a \u00e9t\u00e9 mise en place, chaque \u00e9pisode \u00e9tant consacr\u00e9 \u00e0 l\u2019un de ces groupes. Dans ce nouveau num\u00e9ro, c\u2019est la th\u00e9matique de la biodiversit\u00e9 qui est \u00e0 l\u2019honneur \u00e0 travers le groupe intitul\u00e9 <strong>\u00ab\u00a0La mise en place d\u2019une analyse granulaire et globale qui int\u00e8gre les enjeux li\u00e9s \u00e0 la localisation des activit\u00e9s\u00a0\u00bb<\/strong>, co-fond\u00e9 par <a href=\"https:\/\/www.candriam.com\/fr-fr\/professional\/\" target=\"_blank\" rel=\"noreferrer noopener\">Candriam<\/a>.&nbsp;<\/p>\n\n\n\n<p>Pens\u00e9 comme un lieu de dialogue, le \u00ab\u00a0Podcast 2030 &#8211; Investir Demain\u00a0\u00bb croise les regards entre ceux qui financent la transition et ceux qui la mettent en \u0153uvre au quotidien. Dans cet \u00e9pisode, Elouan Heurard, Analyste ESG Biodiversit\u00e9 chez Candriam, et Matthieu Delabie, Coordonnateur Biodiversit\u00e9 Finance et Instruments \u00c9conomiques \u00e0 l\u2019Office Fran\u00e7ais de la Biodiversit\u00e9 et Pr\u00e9sident du TC ISO 331 en charge de la biodiversit\u00e9, discutent des d\u00e9fis li\u00e9s \u00e0 l\u2019int\u00e9gration de la biodiversit\u00e9 dans les strat\u00e9gies d\u2019investissement.&nbsp;<\/p>\n\n\n\n<p><\/p>\n\n\n\n<iframe name=\"Ausha Podcast Player\" frameborder=\"0\" loading=\"lazy\" id=\"ausha-c9pn\" height=\"420\" style=\"border: none; width:100%; height:420px\" src=\"https:\/\/player.ausha.co\/?showId=BQ6Z9iL7ReDA&#038;color=%23751CBF&#038;multishow=false&#038;playlist=true&#038;dark=false&#038;v=3&#038;playerId=ausha-c9pn\"><\/iframe><script src=\"https:\/\/player.ausha.co\/ausha-player.js\"><\/script>\n\n\n\n<p><\/p>\n\n\n\n<h2 class=\"wp-block-heading\">Des d\u00e9cisions \u00e9clair\u00e9es gr\u00e2ce \u00e0 l\u2019appui d\u2019experts&nbsp;<\/h2>\n\n\n\n<p>Pour que cette th\u00e9matique prenne toute sa place dans les pratiques d\u2019investissement, Candriam insiste sur la n\u00e9cessit\u00e9 de s\u2019appuyer sur les r\u00e9gulateurs et les acteurs de terrain, afin de prendre des d\u00e9cisions \u00e9clair\u00e9es. \u00ab\u00a0Pour cela, nous avons besoin d\u2019acteurs comme <a href=\"https:\/\/www.ofb.gouv.fr\/\" target=\"_blank\" rel=\"noreferrer noopener\">l\u2019Office fran\u00e7ais de la biodiversit\u00e9<\/a>, qui peuvent justement nous guider sur les meilleures pratiques afin d\u2019int\u00e9grer de la mani\u00e8re la plus honn\u00eate possible la question de la biodiversit\u00e9 dans les strat\u00e9gies d\u2019investissement\u00a0\u00bb, explique Elouan Heurard.&nbsp;<\/p>\n\n\n\n<p>D\u2019ailleurs, si biodiversit\u00e9 et investissement peuvent para\u00eetre difficilement conciliables \u00e0 premi\u00e8re vue, l\u2019analyste de Candriam rappelle l\u2019importance croissante de cette th\u00e9matique depuis <strong>les accords Kunming-Montr\u00e9al<\/strong> de 2022. \u00ab\u00a0C\u2019est en quelque sorte le prolongement naturel de la r\u00e9flexion men\u00e9e autour du carbone : il s\u2019agit d\u00e9sormais de consid\u00e9rer la nature dans son ensemble et de mesurer l\u2019empreinte laiss\u00e9e par nos activit\u00e9s \u00e9conomiques.\u00a0\u00bb&nbsp;<\/p>\n\n\n\n<h2 class=\"wp-block-heading\">Des outils encore en construction&nbsp;<\/h2>\n\n\n\n<p>Pourtant, si les entreprises commencent \u00e0 int\u00e9grer ces enjeux, elles s\u2019appuient encore sur des outils r\u00e9cents ou en pleine \u00e9volution. C\u2019est pr\u00e9cis\u00e9ment ce qui soul\u00e8ve des interrogations autour des indicateurs : lesquels retenir pour obtenir une mesure fiable ? Un seul suffit-il \u00e0 refl\u00e9ter la complexit\u00e9 de la biodiversit\u00e9 ? Pour Matthieu Delabie, la r\u00e9ponse est claire : \u00ab\u00a0un indicateur unique ne sera pas suffisant en mati\u00e8re de biodiversit\u00e9. Pourquoi ? Parce que la biodiversit\u00e9, c&rsquo;est un sujet multifactoriel.\u00a0\u00bb&nbsp;<\/p>\n\n\n\n<blockquote class=\"wp-block-quote is-layout-flow wp-block-quote-is-layout-flow\">\n<p>Si notre objectif est vraiment de r\u00e9duire notre empreinte biodiversit\u00e9, il faut pouvoir comprendre en d\u00e9tail ce qui la g\u00e9n\u00e8re, afin d\u2019identifier pour chaque composante les leviers d\u2019action pertinents.<\/p>\n<\/blockquote>\n\n\n\n<p>D\u00e9finir les bons indicateurs est donc une premi\u00e8re \u00e9tape cl\u00e9. Mais pour transformer ces mesures en actions concr\u00e8tes, il faut acc\u00e9der \u00e0 des donn\u00e9es fines et d\u00e9taill\u00e9es sur les diff\u00e9rentes composantes de la biodiversit\u00e9. \u00ab\u00a0Et pour cela, il ne suffit pas d\u2019avoir une simple mesure globale de <strong>l\u2019empreinte biodiversit\u00e9<\/strong>. Si notre objectif est vraiment de r\u00e9duire cette empreinte, il faut pouvoir comprendre en d\u00e9tail ce qui la g\u00e9n\u00e8re, afin d\u2019identifier pour chaque composante les leviers d\u2019action pertinents\u00a0\u00bb, d\u00e9taille Elouan Heurard. \u00ab\u00a0Prenons un exemple : si une entreprise g\u00e9n\u00e8re 20 % de son empreinte carbone par ses \u00e9missions de gaz \u00e0 effet de serre, elle devra cibler ce point en priorit\u00e9. De m\u00eame, si 15 % sont dus \u00e0 sa consommation d\u2019eau, des solutions devront \u00eatre trouv\u00e9es, qu\u2019il s\u2019agisse d\u2019innovations technologiques ou de changements de pratiques.\u00a0\u00bb<\/p>\n\n\n\n<h2 class=\"wp-block-heading\">Penser au-del\u00e0 de l\u2019entreprise&nbsp;<\/h2>\n\n\n\n<p>Mais, si disposer de donn\u00e9es pr\u00e9cises est indispensable, cela ne suffit pas. Matthieu Delabie souligne qu\u2019il est tout aussi crucial d\u2019examiner l\u2019environnement dans lequel \u00e9volue l\u2019entreprise. \u00ab\u00a0Aujourd\u2019hui, on ne prend pas en compte le fait que la nature fournit gratuitement aux activit\u00e9s humaines l\u2019\u00e9quivalent d\u2019un PIB. Dans nos calculs \u00e9conomiques, on consid\u00e8re que restaurer ou atteindre <strong>un impact net z\u00e9ro<\/strong> a un co\u00fbt, certes, mais on ne tient pas compte de la part \u2018gratuite\u2019 dont b\u00e9n\u00e9ficie l\u2019acteur \u00e9conomique. Les services \u00e9cosyst\u00e9miques en sont un parfait exemple. Ne pas pr\u00e9server ce capital naturel, c\u2019est aussi s\u2019exposer au risque de le perdre.\u00a0\u00bb<\/p>\n\n\n\n<p><\/p>\n\n\n\n<p><\/p>\n","protected":false},"excerpt":{"rendered":"<p>Un dialogue n\u00e9cessaire entre biodiversit\u00e9 et investissement&nbsp; Pour accompagner ces r\u00e9flexions, une s\u00e9rie de podcasts a \u00e9t\u00e9 mise en place, chaque \u00e9pisode \u00e9tant consacr\u00e9 \u00e0 l\u2019un de ces groupes. Dans ce nouveau num\u00e9ro, c\u2019est la th\u00e9matique de la biodiversit\u00e9 qui est \u00e0 l\u2019honneur \u00e0 travers le groupe intitul\u00e9 \u00ab\u00a0La mise en place d\u2019une analyse granulaire [&hellip;]<\/p>\n","protected":false},"author":1,"featured_media":1362,"comment_status":"open","ping_status":"closed","sticky":false,"template":"","format":"standard","meta":{"_acf_changed":false,"footnotes":""},"categories":[14,1],"tags":[],"class_list":["post-1361","post","type-post","status-publish","format-standard","has-post-thumbnail","hentry","category-biodiversite","category-unclassified"],"acf":[],"_links":{"self":[{"href":"https:\/\/2030investirdemain.com\/fr\/wp-json\/wp\/v2\/posts\/1361","targetHints":{"allow":["GET"]}}],"collection":[{"href":"https:\/\/2030investirdemain.com\/fr\/wp-json\/wp\/v2\/posts"}],"about":[{"href":"https:\/\/2030investirdemain.com\/fr\/wp-json\/wp\/v2\/types\/post"}],"author":[{"embeddable":true,"href":"https:\/\/2030investirdemain.com\/fr\/wp-json\/wp\/v2\/users\/1"}],"replies":[{"embeddable":true,"href":"https:\/\/2030investirdemain.com\/fr\/wp-json\/wp\/v2\/comments?post=1361"}],"version-history":[{"count":4,"href":"https:\/\/2030investirdemain.com\/fr\/wp-json\/wp\/v2\/posts\/1361\/revisions"}],"predecessor-version":[{"id":1374,"href":"https:\/\/2030investirdemain.com\/fr\/wp-json\/wp\/v2\/posts\/1361\/revisions\/1374"}],"wp:featuredmedia":[{"embeddable":true,"href":"https:\/\/2030investirdemain.com\/fr\/wp-json\/wp\/v2\/media\/1362"}],"wp:attachment":[{"href":"https:\/\/2030investirdemain.com\/fr\/wp-json\/wp\/v2\/media?parent=1361"}],"wp:term":[{"taxonomy":"category","embeddable":true,"href":"https:\/\/2030investirdemain.com\/fr\/wp-json\/wp\/v2\/categories?post=1361"},{"taxonomy":"post_tag","embeddable":true,"href":"https:\/\/2030investirdemain.com\/fr\/wp-json\/wp\/v2\/tags?post=1361"}],"curies":[{"name":"wp","href":"https:\/\/api.w.org\/{rel}","templated":true}]}}